{"id":5261,"date":"2024-03-12T13:45:18","date_gmt":"2024-03-12T16:45:18","guid":{"rendered":"https:\/\/www.gencompanies.com\/camilo-fernandez-assumes-general-management-of-portuaria-cabo-froward-s-a\/"},"modified":"2025-03-20T17:29:44","modified_gmt":"2025-03-20T20:29:44","slug":"camilo-fernandez-assumes-general-management-of-portuaria-cabo-froward-s-a","status":"publish","type":"post","link":"https:\/\/www.gencompanies.com\/en\/camilo-fernandez-assumes-general-management-of-portuaria-cabo-froward-s-a\/","title":{"rendered":"Camilo Fern\u00e1ndez Assumes General Management of Portuaria Cabo Froward S.A."},"content":{"rendered":"\n<p>Grupo Empresas Navieras S.A. (GEN) is pleased to announce the appointment of Mr. Camilo Fern\u00e1ndez Aguilar as the new General Manager of its subsidiary Portuaria Cabo Froward S.A. (Froward).<\/p>\n\n<p>He is a Transportation Engineer from the Pontificia Universidad Cat\u00f3lica de Valpara\u00edso and holds a Master&#8217;s degree in Business Administration and Management from the same institution. He has extensive experience in the logistics, port, and agency sectors.<\/p>\n\n<p>In his new role, Mr. Fern\u00e1ndez will be responsible for consolidating the position of Froward&#8217;s port terminals in the B\u00edo B\u00edo (Coronel) and Los Lagos (Calbuco) regions, with the aim of optimizing the transfer of solid and liquid bulk cargo.<\/p>\n\n<p>Grupo Empresas Navieras, together with its board of directors, subsidiary companies, and professional team, wishes Mr. Fern\u00e1ndez the greatest success in his new leadership role.<\/p>\n\n<p>Sincerely,<br\/>The Board of Directors<\/p>\n","protected":false},"excerpt":{"rendered":"<p>Grupo Empresas Navieras S.A. (GEN) is pleased to announce the appointment of Mr. Camilo Fern\u00e1ndez Aguilar as the new General Manager of its subsidiary Portuaria Cabo Froward S.A. (Froward). He is a Transportation Engineer from the Pontificia Universidad Cat\u00f3lica de Valpara\u00edso and holds a Master&#8217;s degree in Business Administration and Management from the same institution. [&hellip;]<\/p>\n","protected":false},"author":11,"featured_media":5269,"comment_status":"closed","ping_status":"closed","sticky":false,"template":"","format":"standard","meta":{"_acf_changed":false,"footnotes":""},"categories":[14],"tags":[],"class_list":["post-5261","post","type-post","status-publish","format-standard","has-post-thumbnail","hentry","category-uncategorized"],"acf":[],"yoast_head":"<!-- This site is optimized with the Yoast SEO plugin v27.5 - https:\/\/yoast.com\/product\/yoast-seo-wordpress\/ -->\n<title>Camilo Fern\u00e1ndez Assumes General Management of Portuaria Cabo Froward S.A. - GEN<\/title>\n<meta name=\"robots\" content=\"index, follow, max-snippet:-1, max-image-preview:large, max-video-preview:-1\" \/>\n<link rel=\"canonical\" href=\"https:\/\/www.gencompanies.com\/en\/camilo-fernandez-assumes-general-management-of-portuaria-cabo-froward-s-a\/\" \/>\n<meta property=\"og:locale\" content=\"en_US\" \/>\n<meta property=\"og:type\" content=\"article\" \/>\n<meta property=\"og:title\" content=\"Camilo Fern\u00e1ndez Assumes General Management of Portuaria Cabo Froward S.A. - GEN\" \/>\n<meta property=\"og:description\" content=\"Grupo Empresas Navieras S.A. (GEN) is pleased to announce the appointment of Mr. Camilo Fern\u00e1ndez Aguilar as the new General Manager of its subsidiary Portuaria Cabo Froward S.A. (Froward). He is a Transportation Engineer from the Pontificia Universidad Cat\u00f3lica de Valpara\u00edso and holds a Master&#8217;s degree in Business Administration and Management from the same institution. [&hellip;]\" \/>\n<meta property=\"og:url\" content=\"https:\/\/www.gencompanies.com\/en\/camilo-fernandez-assumes-general-management-of-portuaria-cabo-froward-s-a\/\" \/>\n<meta property=\"og:site_name\" content=\"GEN\" \/>\n<meta property=\"article:published_time\" content=\"2024-03-12T16:45:18+00:00\" \/>\n<meta property=\"article:modified_time\" content=\"2025-03-20T20:29:44+00:00\" \/>\n<meta property=\"og:image\" content=\"https:\/\/www.gencompanies.com\/wp-content\/uploads\/2025\/03\/Camilo-Fernandez_.jpg\" \/>\n\t<meta property=\"og:image:width\" content=\"750\" \/>\n\t<meta property=\"og:image:height\" content=\"350\" \/>\n\t<meta property=\"og:image:type\" content=\"image\/jpeg\" \/>\n<meta name=\"author\" content=\"canalcero\" \/>\n<meta name=\"twitter:card\" content=\"summary_large_image\" \/>\n<meta name=\"twitter:label1\" content=\"Written by\" \/>\n\t<meta name=\"twitter:data1\" content=\"canalcero\" \/>\n\t<meta name=\"twitter:label2\" content=\"Est. reading time\" \/>\n\t<meta name=\"twitter:data2\" content=\"1 minute\" \/>\n<script type=\"application\/ld+json\" class=\"yoast-schema-graph\">{\"@context\":\"https:\\\/\\\/schema.org\",\"@graph\":[{\"@type\":\"Article\",\"@id\":\"https:\\\/\\\/www.gencompanies.com\\\/en\\\/camilo-fernandez-assumes-general-management-of-portuaria-cabo-froward-s-a\\\/#article\",\"isPartOf\":{\"@id\":\"https:\\\/\\\/www.gencompanies.com\\\/en\\\/camilo-fernandez-assumes-general-management-of-portuaria-cabo-froward-s-a\\\/\"},\"author\":{\"name\":\"canalcero\",\"@id\":\"https:\\\/\\\/www.gencompanies.com\\\/en\\\/#\\\/schema\\\/person\\\/a98ac88708d8cbbf80ba6b0f66d08f9d\"},\"headline\":\"Camilo Fern\u00e1ndez Assumes General Management of Portuaria Cabo Froward S.A.\",\"datePublished\":\"2024-03-12T16:45:18+00:00\",\"dateModified\":\"2025-03-20T20:29:44+00:00\",\"mainEntityOfPage\":{\"@id\":\"https:\\\/\\\/www.gencompanies.com\\\/en\\\/camilo-fernandez-assumes-general-management-of-portuaria-cabo-froward-s-a\\\/\"},\"wordCount\":159,\"publisher\":{\"@id\":\"https:\\\/\\\/www.gencompanies.com\\\/en\\\/#organization\"},\"image\":{\"@id\":\"https:\\\/\\\/www.gencompanies.com\\\/en\\\/camilo-fernandez-assumes-general-management-of-portuaria-cabo-froward-s-a\\\/#primaryimage\"},\"thumbnailUrl\":\"https:\\\/\\\/www.gencompanies.com\\\/wp-content\\\/uploads\\\/2025\\\/03\\\/Camilo-Fernandez_.jpg\",\"inLanguage\":\"en-US\"},{\"@type\":\"WebPage\",\"@id\":\"https:\\\/\\\/www.gencompanies.com\\\/en\\\/camilo-fernandez-assumes-general-management-of-portuaria-cabo-froward-s-a\\\/\",\"url\":\"https:\\\/\\\/www.gencompanies.com\\\/en\\\/camilo-fernandez-assumes-general-management-of-portuaria-cabo-froward-s-a\\\/\",\"name\":\"Camilo Fern\u00e1ndez Assumes General Management of Portuaria Cabo Froward S.A. - GEN\",\"isPartOf\":{\"@id\":\"https:\\\/\\\/www.gencompanies.com\\\/en\\\/#website\"},\"primaryImageOfPage\":{\"@id\":\"https:\\\/\\\/www.gencompanies.com\\\/en\\\/camilo-fernandez-assumes-general-management-of-portuaria-cabo-froward-s-a\\\/#primaryimage\"},\"image\":{\"@id\":\"https:\\\/\\\/www.gencompanies.com\\\/en\\\/camilo-fernandez-assumes-general-management-of-portuaria-cabo-froward-s-a\\\/#primaryimage\"},\"thumbnailUrl\":\"https:\\\/\\\/www.gencompanies.com\\\/wp-content\\\/uploads\\\/2025\\\/03\\\/Camilo-Fernandez_.jpg\",\"datePublished\":\"2024-03-12T16:45:18+00:00\",\"dateModified\":\"2025-03-20T20:29:44+00:00\",\"breadcrumb\":{\"@id\":\"https:\\\/\\\/www.gencompanies.com\\\/en\\\/camilo-fernandez-assumes-general-management-of-portuaria-cabo-froward-s-a\\\/#breadcrumb\"},\"inLanguage\":\"en-US\",\"potentialAction\":[{\"@type\":\"ReadAction\",\"target\":[\"https:\\\/\\\/www.gencompanies.com\\\/en\\\/camilo-fernandez-assumes-general-management-of-portuaria-cabo-froward-s-a\\\/\"]}]},{\"@type\":\"ImageObject\",\"inLanguage\":\"en-US\",\"@id\":\"https:\\\/\\\/www.gencompanies.com\\\/en\\\/camilo-fernandez-assumes-general-management-of-portuaria-cabo-froward-s-a\\\/#primaryimage\",\"url\":\"https:\\\/\\\/www.gencompanies.com\\\/wp-content\\\/uploads\\\/2025\\\/03\\\/Camilo-Fernandez_.jpg\",\"contentUrl\":\"https:\\\/\\\/www.gencompanies.com\\\/wp-content\\\/uploads\\\/2025\\\/03\\\/Camilo-Fernandez_.jpg\",\"width\":750,\"height\":350},{\"@type\":\"BreadcrumbList\",\"@id\":\"https:\\\/\\\/www.gencompanies.com\\\/en\\\/camilo-fernandez-assumes-general-management-of-portuaria-cabo-froward-s-a\\\/#breadcrumb\",\"itemListElement\":[{\"@type\":\"ListItem\",\"position\":1,\"name\":\"Home\",\"item\":\"https:\\\/\\\/www.gencompanies.com\\\/en\\\/\"},{\"@type\":\"ListItem\",\"position\":2,\"name\":\"Camilo Fern\u00e1ndez Assumes General Management of Portuaria Cabo Froward S.A.\"}]},{\"@type\":\"WebSite\",\"@id\":\"https:\\\/\\\/www.gencompanies.com\\\/en\\\/#website\",\"url\":\"https:\\\/\\\/www.gencompanies.com\\\/en\\\/\",\"name\":\"GEN\",\"description\":\"Grupo Empresas Navieras\",\"publisher\":{\"@id\":\"https:\\\/\\\/www.gencompanies.com\\\/en\\\/#organization\"},\"potentialAction\":[{\"@type\":\"SearchAction\",\"target\":{\"@type\":\"EntryPoint\",\"urlTemplate\":\"https:\\\/\\\/www.gencompanies.com\\\/en\\\/?s={search_term_string}\"},\"query-input\":{\"@type\":\"PropertyValueSpecification\",\"valueRequired\":true,\"valueName\":\"search_term_string\"}}],\"inLanguage\":\"en-US\"},{\"@type\":\"Organization\",\"@id\":\"https:\\\/\\\/www.gencompanies.com\\\/en\\\/#organization\",\"name\":\"GEN\",\"url\":\"https:\\\/\\\/www.gencompanies.com\\\/en\\\/\",\"logo\":{\"@type\":\"ImageObject\",\"inLanguage\":\"en-US\",\"@id\":\"https:\\\/\\\/www.gencompanies.com\\\/en\\\/#\\\/schema\\\/logo\\\/image\\\/\",\"url\":\"https:\\\/\\\/www.gencompanies.com\\\/wp-content\\\/uploads\\\/2022\\\/10\\\/logo-gen.svg\",\"contentUrl\":\"https:\\\/\\\/www.gencompanies.com\\\/wp-content\\\/uploads\\\/2022\\\/10\\\/logo-gen.svg\",\"width\":88,\"height\":44,\"caption\":\"GEN\"},\"image\":{\"@id\":\"https:\\\/\\\/www.gencompanies.com\\\/en\\\/#\\\/schema\\\/logo\\\/image\\\/\"}},{\"@type\":\"Person\",\"@id\":\"https:\\\/\\\/www.gencompanies.com\\\/en\\\/#\\\/schema\\\/person\\\/a98ac88708d8cbbf80ba6b0f66d08f9d\",\"name\":\"canalcero\",\"image\":{\"@type\":\"ImageObject\",\"inLanguage\":\"en-US\",\"@id\":\"https:\\\/\\\/secure.gravatar.com\\\/avatar\\\/412979d0eb68be9ff97720fab7f4400f2f42127e8718e9683a1576778df319b2?s=96&d=mm&r=g\",\"url\":\"https:\\\/\\\/secure.gravatar.com\\\/avatar\\\/412979d0eb68be9ff97720fab7f4400f2f42127e8718e9683a1576778df319b2?s=96&d=mm&r=g\",\"contentUrl\":\"https:\\\/\\\/secure.gravatar.com\\\/avatar\\\/412979d0eb68be9ff97720fab7f4400f2f42127e8718e9683a1576778df319b2?s=96&d=mm&r=g\",\"caption\":\"canalcero\"},\"url\":\"https:\\\/\\\/www.gencompanies.com\\\/en\\\/author\\\/canalcero\\\/\"}]}<\/script>\n<!-- \/ Yoast SEO plugin. -->","yoast_head_json":{"title":"Camilo Fern\u00e1ndez Assumes General Management of Portuaria Cabo Froward S.A. - GEN","robots":{"index":"index","follow":"follow","max-snippet":"max-snippet:-1","max-image-preview":"max-image-preview:large","max-video-preview":"max-video-preview:-1"},"canonical":"https:\/\/www.gencompanies.com\/en\/camilo-fernandez-assumes-general-management-of-portuaria-cabo-froward-s-a\/","og_locale":"en_US","og_type":"article","og_title":"Camilo Fern\u00e1ndez Assumes General Management of Portuaria Cabo Froward S.A. - GEN","og_description":"Grupo Empresas Navieras S.A. (GEN) is pleased to announce the appointment of Mr. Camilo Fern\u00e1ndez Aguilar as the new General Manager of its subsidiary Portuaria Cabo Froward S.A. (Froward). He is a Transportation Engineer from the Pontificia Universidad Cat\u00f3lica de Valpara\u00edso and holds a Master&#8217;s degree in Business Administration and Management from the same institution. [&hellip;]","og_url":"https:\/\/www.gencompanies.com\/en\/camilo-fernandez-assumes-general-management-of-portuaria-cabo-froward-s-a\/","og_site_name":"GEN","article_published_time":"2024-03-12T16:45:18+00:00","article_modified_time":"2025-03-20T20:29:44+00:00","og_image":[{"width":750,"height":350,"url":"https:\/\/www.gencompanies.com\/wp-content\/uploads\/2025\/03\/Camilo-Fernandez_.jpg","type":"image\/jpeg"}],"author":"canalcero","twitter_card":"summary_large_image","twitter_misc":{"Written by":"canalcero","Est. reading time":"1 minute"},"schema":{"@context":"https:\/\/schema.org","@graph":[{"@type":"Article","@id":"https:\/\/www.gencompanies.com\/en\/camilo-fernandez-assumes-general-management-of-portuaria-cabo-froward-s-a\/#article","isPartOf":{"@id":"https:\/\/www.gencompanies.com\/en\/camilo-fernandez-assumes-general-management-of-portuaria-cabo-froward-s-a\/"},"author":{"name":"canalcero","@id":"https:\/\/www.gencompanies.com\/en\/#\/schema\/person\/a98ac88708d8cbbf80ba6b0f66d08f9d"},"headline":"Camilo Fern\u00e1ndez Assumes General Management of Portuaria Cabo Froward S.A.","datePublished":"2024-03-12T16:45:18+00:00","dateModified":"2025-03-20T20:29:44+00:00","mainEntityOfPage":{"@id":"https:\/\/www.gencompanies.com\/en\/camilo-fernandez-assumes-general-management-of-portuaria-cabo-froward-s-a\/"},"wordCount":159,"publisher":{"@id":"https:\/\/www.gencompanies.com\/en\/#organization"},"image":{"@id":"https:\/\/www.gencompanies.com\/en\/camilo-fernandez-assumes-general-management-of-portuaria-cabo-froward-s-a\/#primaryimage"},"thumbnailUrl":"https:\/\/www.gencompanies.com\/wp-content\/uploads\/2025\/03\/Camilo-Fernandez_.jpg","inLanguage":"en-US"},{"@type":"WebPage","@id":"https:\/\/www.gencompanies.com\/en\/camilo-fernandez-assumes-general-management-of-portuaria-cabo-froward-s-a\/","url":"https:\/\/www.gencompanies.com\/en\/camilo-fernandez-assumes-general-management-of-portuaria-cabo-froward-s-a\/","name":"Camilo Fern\u00e1ndez Assumes General Management of Portuaria Cabo Froward S.A. - GEN","isPartOf":{"@id":"https:\/\/www.gencompanies.com\/en\/#website"},"primaryImageOfPage":{"@id":"https:\/\/www.gencompanies.com\/en\/camilo-fernandez-assumes-general-management-of-portuaria-cabo-froward-s-a\/#primaryimage"},"image":{"@id":"https:\/\/www.gencompanies.com\/en\/camilo-fernandez-assumes-general-management-of-portuaria-cabo-froward-s-a\/#primaryimage"},"thumbnailUrl":"https:\/\/www.gencompanies.com\/wp-content\/uploads\/2025\/03\/Camilo-Fernandez_.jpg","datePublished":"2024-03-12T16:45:18+00:00","dateModified":"2025-03-20T20:29:44+00:00","breadcrumb":{"@id":"https:\/\/www.gencompanies.com\/en\/camilo-fernandez-assumes-general-management-of-portuaria-cabo-froward-s-a\/#breadcrumb"},"inLanguage":"en-US","potentialAction":[{"@type":"ReadAction","target":["https:\/\/www.gencompanies.com\/en\/camilo-fernandez-assumes-general-management-of-portuaria-cabo-froward-s-a\/"]}]},{"@type":"ImageObject","inLanguage":"en-US","@id":"https:\/\/www.gencompanies.com\/en\/camilo-fernandez-assumes-general-management-of-portuaria-cabo-froward-s-a\/#primaryimage","url":"https:\/\/www.gencompanies.com\/wp-content\/uploads\/2025\/03\/Camilo-Fernandez_.jpg","contentUrl":"https:\/\/www.gencompanies.com\/wp-content\/uploads\/2025\/03\/Camilo-Fernandez_.jpg","width":750,"height":350},{"@type":"BreadcrumbList","@id":"https:\/\/www.gencompanies.com\/en\/camilo-fernandez-assumes-general-management-of-portuaria-cabo-froward-s-a\/#breadcrumb","itemListElement":[{"@type":"ListItem","position":1,"name":"Home","item":"https:\/\/www.gencompanies.com\/en\/"},{"@type":"ListItem","position":2,"name":"Camilo Fern\u00e1ndez Assumes General Management of Portuaria Cabo Froward S.A."}]},{"@type":"WebSite","@id":"https:\/\/www.gencompanies.com\/en\/#website","url":"https:\/\/www.gencompanies.com\/en\/","name":"GEN","description":"Grupo Empresas Navieras","publisher":{"@id":"https:\/\/www.gencompanies.com\/en\/#organization"},"potentialAction":[{"@type":"SearchAction","target":{"@type":"EntryPoint","urlTemplate":"https:\/\/www.gencompanies.com\/en\/?s={search_term_string}"},"query-input":{"@type":"PropertyValueSpecification","valueRequired":true,"valueName":"search_term_string"}}],"inLanguage":"en-US"},{"@type":"Organization","@id":"https:\/\/www.gencompanies.com\/en\/#organization","name":"GEN","url":"https:\/\/www.gencompanies.com\/en\/","logo":{"@type":"ImageObject","inLanguage":"en-US","@id":"https:\/\/www.gencompanies.com\/en\/#\/schema\/logo\/image\/","url":"https:\/\/www.gencompanies.com\/wp-content\/uploads\/2022\/10\/logo-gen.svg","contentUrl":"https:\/\/www.gencompanies.com\/wp-content\/uploads\/2022\/10\/logo-gen.svg","width":88,"height":44,"caption":"GEN"},"image":{"@id":"https:\/\/www.gencompanies.com\/en\/#\/schema\/logo\/image\/"}},{"@type":"Person","@id":"https:\/\/www.gencompanies.com\/en\/#\/schema\/person\/a98ac88708d8cbbf80ba6b0f66d08f9d","name":"canalcero","image":{"@type":"ImageObject","inLanguage":"en-US","@id":"https:\/\/secure.gravatar.com\/avatar\/412979d0eb68be9ff97720fab7f4400f2f42127e8718e9683a1576778df319b2?s=96&d=mm&r=g","url":"https:\/\/secure.gravatar.com\/avatar\/412979d0eb68be9ff97720fab7f4400f2f42127e8718e9683a1576778df319b2?s=96&d=mm&r=g","contentUrl":"https:\/\/secure.gravatar.com\/avatar\/412979d0eb68be9ff97720fab7f4400f2f42127e8718e9683a1576778df319b2?s=96&d=mm&r=g","caption":"canalcero"},"url":"https:\/\/www.gencompanies.com\/en\/author\/canalcero\/"}]}},"_links":{"self":[{"href":"https:\/\/www.gencompanies.com\/en\/wp-json\/wp\/v2\/posts\/5261","targetHints":{"allow":["GET"]}}],"collection":[{"href":"https:\/\/www.gencompanies.com\/en\/wp-json\/wp\/v2\/posts"}],"about":[{"href":"https:\/\/www.gencompanies.com\/en\/wp-json\/wp\/v2\/types\/post"}],"author":[{"embeddable":true,"href":"https:\/\/www.gencompanies.com\/en\/wp-json\/wp\/v2\/users\/11"}],"replies":[{"embeddable":true,"href":"https:\/\/www.gencompanies.com\/en\/wp-json\/wp\/v2\/comments?post=5261"}],"version-history":[{"count":1,"href":"https:\/\/www.gencompanies.com\/en\/wp-json\/wp\/v2\/posts\/5261\/revisions"}],"predecessor-version":[{"id":5262,"href":"https:\/\/www.gencompanies.com\/en\/wp-json\/wp\/v2\/posts\/5261\/revisions\/5262"}],"wp:featuredmedia":[{"embeddable":true,"href":"https:\/\/www.gencompanies.com\/en\/wp-json\/wp\/v2\/media\/5269"}],"wp:attachment":[{"href":"https:\/\/www.gencompanies.com\/en\/wp-json\/wp\/v2\/media?parent=5261"}],"wp:term":[{"taxonomy":"category","embeddable":true,"href":"https:\/\/www.gencompanies.com\/en\/wp-json\/wp\/v2\/categories?post=5261"},{"taxonomy":"post_tag","embeddable":true,"href":"https:\/\/www.gencompanies.com\/en\/wp-json\/wp\/v2\/tags?post=5261"}],"curies":[{"name":"wp","href":"https:\/\/api.w.org\/{rel}","templated":true}]}}